{"id":333,"date":"2009-06-28T11:57:34","date_gmt":"2009-06-28T08:57:34","guid":{"rendered":"http:\/\/woland.servebeer.com\/wordpress\/?p=333"},"modified":"2009-06-28T11:57:34","modified_gmt":"2009-06-28T08:57:34","slug":"rievakylan-ritu-horisee","status":"publish","type":"post","link":"https:\/\/www.ireneroivainen.net\/?p=333","title":{"rendered":"Riev\u00e4kyl\u00e4n Ritu horisee"},"content":{"rendered":"<p>Vanhan kirjallisuuden p\u00e4iv\u00e4t Sastamalassa meinasivat t\u00e4n\u00e4 vuonna sivu suun. Uutinen professori Irma Sulkusen saamasta Warelius -palkinnosta her\u00e4tti kuitenkin meid\u00e4t niin, ett\u00e4 ehdin eilen iltap\u00e4iv\u00e4ll\u00e4 kuuntelemaan &#8221;Kotirintamalta ei mit\u00e4\u00e4n uutta&#8221; &#8211; luentoja. Ja kyll\u00e4 kannatti: ihastuin Riku Korhosen runolliseen ilmaisuus ja Sirpa K\u00e4hk\u00f6sen tulkintoihin. P\u00e4ivien kotirintamateema liippaa l\u00e4helt\u00e4 yht\u00e4 kes\u00e4hankettani kirjoittaa artikkeli etel\u00e4pohjalaisista kotirintamanaisista, joiden kuvauksista on ohjauksessani tehty useita pro gradu -t\u00f6it\u00e4. V\u00e4ke\u00e4 p\u00e4ivill\u00e4 oli v\u00e4hemm\u00e4n edellisvuosiin verrattuna; pohdimme kesken\u00e4mme, johtuiko se helteest\u00e4, talouden taantumasta vaiko p\u00e4ivien teemasta. Lukemista tuli taas hankittua kassitolkulla.<\/p>\n<p>Ensimm\u00e4isen lomap\u00e4iv\u00e4n iltakahveet meniv\u00e4t v\u00e4\u00e4r\u00e4\u00e4n kurkkuun, kun luimme Riev\u00e4kyl\u00e4n Ritun kolumnin Tamperelaisessa: &#8221;Kaupungilla liikkuu sellainen &#8211; monien varmaksi v\u00e4itt\u00e4m\u00e4 juttu &#8211; ett\u00e4 nykyinen pormestarimme Timo P. Nieminen j\u00e4tt\u00e4isi hommansa kuluvan vaalikauden puoliv\u00e4liss\u00e4, siis ensi vuonna, ja h\u00e4nen tilalleen valittaisiin Airaksinen.&#8221; Ritu v\u00e4itt\u00e4\u00e4 edelleen, ett\u00e4 asia olisi sovittu kokoomuksessa ja suostumus ratkaisuun olisi haettu &#8221;valtakoalition muilta osapuolilta&#8221;.<\/p>\n<p>Ritu levitt\u00e4\u00e4 jo kes\u00e4kuussa m\u00e4t\u00e4kuun juttuja. V\u00e4ite on t\u00e4ysin per\u00e4t\u00f6n, ja j\u00e4ljet johtavat suoraan tunnetulle sylttytehtaalle. V\u00e4ite on suora ly\u00f6nti pormestarin vy\u00f6n alle, mutta ei siin\u00e4 kaikki: my\u00f6s apulaispormestari Airaksinen asetetaan outoon valoon. Olen aivan varma, ett\u00e4 pormestari Nieminen nauttii koko XL-koalition luottamusta.<\/p>\n<p>Taitaa olla kaupunkilehden p\u00e4\u00e4toimittaja kes\u00e4lomalla, kun t\u00e4llainen &#8221;Ruokolahden leijona&#8221; p\u00e4\u00e4see lehteen ilman l\u00e4hdekritiikki\u00e4.<\/p>\n<!-- AddThis Advanced Settings generic via filter on the_content --><!-- AddThis Share Buttons generic via filter on the_content -->","protected":false},"excerpt":{"rendered":"<p>Vanhan kirjallisuuden p\u00e4iv\u00e4t Sastamalassa meinasivat t\u00e4n\u00e4 vuonna sivu suun. Uutinen professori Irma Sulkusen saamasta Warelius -palkinnosta her\u00e4tti kuitenkin meid\u00e4t niin, ett\u00e4 ehdin eilen iltap\u00e4iv\u00e4ll\u00e4 kuuntelemaan &#8221;Kotirintamalta ei mit\u00e4\u00e4n uutta&#8221; &#8211; luentoja. Ja kyll\u00e4 kannatti: ihastuin Riku Korhosen runolliseen ilmaisuus ja Sirpa K\u00e4hk\u00f6sen tulkintoihin. P\u00e4ivien kotirintamateema liippaa l\u00e4helt\u00e4 yht\u00e4 kes\u00e4hankettani kirjoittaa artikkeli etel\u00e4pohjalaisista kotirintamanaisista, joiden kuvauksista &hellip; <\/p>\n<p class=\"link-more\"><a href=\"https:\/\/www.ireneroivainen.net\/?p=333\" class=\"more-link\">Jatka lukemista<span class=\"screen-reader-text\"> &#8221;Riev\u00e4kyl\u00e4n Ritu horisee&#8221;<\/span><\/a><\/p>\n<p><!-- AddThis Advanced Settings generic via filter on get_the_excerpt --><!-- AddThis Share Buttons generic via filter on get_the_excerpt --><\/p>\n","protected":false},"author":2,"featured_media":0,"comment_status":"open","ping_status":"open","sticky":false,"template":"","format":"standard","meta":{"footnotes":""},"categories":[3,1],"tags":[],"class_list":["post-333","post","type-post","status-publish","format-standard","hentry","category-vkp","category-yleinen"],"_links":{"self":[{"href":"https:\/\/www.ireneroivainen.net\/index.php?rest_route=\/wp\/v2\/posts\/333","targetHints":{"allow":["GET"]}}],"collection":[{"href":"https:\/\/www.ireneroivainen.net\/index.php?rest_route=\/wp\/v2\/posts"}],"about":[{"href":"https:\/\/www.ireneroivainen.net\/index.php?rest_route=\/wp\/v2\/types\/post"}],"author":[{"embeddable":true,"href":"https:\/\/www.ireneroivainen.net\/index.php?rest_route=\/wp\/v2\/users\/2"}],"replies":[{"embeddable":true,"href":"https:\/\/www.ireneroivainen.net\/index.php?rest_route=%2Fwp%2Fv2%2Fcomments&post=333"}],"version-history":[{"count":0,"href":"https:\/\/www.ireneroivainen.net\/index.php?rest_route=\/wp\/v2\/posts\/333\/revisions"}],"wp:attachment":[{"href":"https:\/\/www.ireneroivainen.net\/index.php?rest_route=%2Fwp%2Fv2%2Fmedia&parent=333"}],"wp:term":[{"taxonomy":"category","embeddable":true,"href":"https:\/\/www.ireneroivainen.net\/index.php?rest_route=%2Fwp%2Fv2%2Fcategories&post=333"},{"taxonomy":"post_tag","embeddable":true,"href":"https:\/\/www.ireneroivainen.net\/index.php?rest_route=%2Fwp%2Fv2%2Ftags&post=333"}],"curies":[{"name":"wp","href":"https:\/\/api.w.org\/{rel}","templated":true}]}}