{"id":311,"date":"2009-03-27T21:10:58","date_gmt":"2009-03-27T19:10:58","guid":{"rendered":"http:\/\/woland.servebeer.com\/wordpress\/?p=311"},"modified":"2009-03-27T21:10:58","modified_gmt":"2009-03-27T19:10:58","slug":"ajankohtaisasioita","status":"publish","type":"post","link":"https:\/\/www.ireneroivainen.net\/?p=311","title":{"rendered":"Ajankohtaisasioita"},"content":{"rendered":"<p>Parin viime viikkoa on huvennut ty\u00f6kiireisiin ja kokouksiin, ettei ole ehtinyt edes kommentoimaan kaupungin kuulumisia. Tampereen talousn\u00e4kym\u00e4t ja s\u00e4\u00e4st\u00f6keinot ovat l\u00e4hes p\u00e4ivitt\u00e4inen puheenaihe. Otsikot s\u00e4\u00e4st\u00f6kuurien kohdentumisesta koululaisten aterioihin tai pienten lasten koululuokkien sijoitteluun saavat kaupunkilaiset varpailleen, ennen kuin mik\u00e4\u00e4n luottamuselin ehtii ottaa asiaan edes kantaa. Tampereen Aterian johtokunta palautti ateriamaksut uudelleen valmisteluun &#8211; kenties korotukset kohdennetaankin subventoituun henkil\u00f6st\u00f6ruokailuun? Ja eilen lautakunta (lanula) p\u00e4\u00e4tti &#8211; Vihreiden Vesa Eskolan esityksest\u00e4 &#8211; s\u00e4ilytt\u00e4\u00e4 pienten lasten luokat J\u00e4rvensivulla ja Hallilassa. J\u00e4nnitys ei kuitenkaan p\u00e4\u00e4ty viel\u00e4 t\u00e4h\u00e4n, sill\u00e4 Palveluverkkosuunnitelma on ensi maanantain suunnittelujaoston esityslistalla. Sujan listatekstin perusteella her\u00e4\u00e4 ep\u00e4ilys, onko tilaajajohtaja Eskonen mahtanut muistaa sujassa viime syksyn\u00e4 tekemi\u00e4mme linjauksia -. pienten lasten koulujen s\u00e4ilytt\u00e4misest\u00e4, Koukkuniemen Jukola-rakennuksen s\u00e4ilytt\u00e4misest\u00e4 ja Messukyl\u00e4n lukiosta &#8211; vai yritt\u00e4\u00e4k\u00f6 h\u00e4n j\u00e4\u00e4r\u00e4p\u00e4isesti vied\u00e4 vanhaa esityst\u00e4\u00e4n l\u00e4pi jaostossa. Sekin on outoa, ett\u00e4 asia tuodaan sujaan ennen kuin valtuustossa on otettu kantaa Seutuhallituksen rakennemallity\u00f6h\u00f6n, jossa palvelurakenne on yksi osa-alue.<\/p>\n<p>Yksi viikon hyvist\u00e4 uutisista tuli valtiovallan taholta esityksess\u00e4 nostaa 10 %:lla kuntien osuutta yhteis\u00f6verosta. Tampereella t\u00e4m\u00e4 merkinnee n. 20 miljoonan euron pottia kassaan. Saapa n\u00e4hd\u00e4, suostuuko johtaja Yli-Rajala tinkim\u00e4\u00e4n yht\u00e4\u00e4n 30 miljoonan euron s\u00e4\u00e4st\u00f6tavoitteesta t\u00e4m\u00e4n vuoksi? Yksi vaihtoehto menojen juustoh\u00f6yl\u00e4\u00e4miselle toimialoilta on ty\u00f6ntekij\u00e4j\u00e4rjest\u00f6jen vastaantulo yleiskorotuksia lykk\u00e4\u00e4m\u00e4ll\u00e4 ja lomarahoja leikkaamalla. T\u00e4ss\u00e4 koetellaan solidaarisuuden rajoja. Toki voisi kysy\u00e4, miksi Tampere ei Helsingin tapaan kaiva lainkaan sukanvartaan, vaan pist\u00e4\u00e4 kaupungin matokuurille, vaan kaiketi se sukanvarsi on meill\u00e4 niin paljon lyhyempi.<\/p>\n<p>Valtuusto k\u00e4vi keskiviikkona mielenkiintoisen keskustelun alaik\u00e4isten turvapaikanhakijoiden vastaanottokeskuksen perustamisesta Tampereelle. Perussuomalaisten p\u00f6yt\u00e4\u00e4misyritys sai taakseen vain nelj\u00e4 \u00e4\u00e4nt\u00e4. Keskustelu pysyi onneksi asiallisena, ja erityisesti asiaa puoltavissa puheenvuoroissa tuotiin esille asiantuntevia argumentteja eri puolilta salia.<\/p>\n<p>Valtuuston puheenjohtajisto on tehnyt valtuustoryhmille aloitteita valtuustoty\u00f6skentelyn kehitt\u00e4miseksi. Esit\u00e4mme muutoksia kokouspalkkioiden kirist\u00e4miseksi, repliikkipuheenvuorojen lyhent\u00e4miseksi ja tiedonanto- ja l\u00e4hetekeskustelujen kehitt\u00e4miseksi. Kaksi t\u00e4llaista on jo kev\u00e4\u00e4n aikana j\u00e4rjestettykin, toinen oli viime keskiviikkona S\u00e4hk\u00f6laitoksen tilanteesta. Ehk\u00e4 hieman yll\u00e4tt\u00e4enkin, keskustelussa ei noussut en\u00e4\u00e4 juurikaan esille kriittisi\u00e4 puheenvuoroja laskutussotkusta.<\/p>\n<p>Valtuuston pit\u00e4isi p\u00e4\u00e4st\u00e4 keskustelemaan tuoreeltaan ajankohtaisista kysymyksist\u00e4, mutta k\u00e4yt\u00e4nn\u00f6ss\u00e4 harva kokoustiheys takaa sen, ett\u00e4 asiat on moneen kertaan jauhettu muualla, ennen kuin ne ehtiv\u00e4t valtuuston esityslistalle. Jatkossa on t\u00e4rke\u00e4\u00e4, ett\u00e4 valtuusto saa riitt\u00e4v\u00e4n aikaisessa vaiheessa keskustella valmisteilla olevista isoista ratkaisuista, kuten esimerkiksi suurista kaavoitushankkeista, investoinneista tai talousn\u00e4kymist\u00e4. Ei riit\u00e4, ett\u00e4 luottamushenkil\u00f6t vaikuttavat lautakunnissa, heid\u00e4n on saatava k\u00e4yd\u00e4 my\u00f6s laajempaa yleispoliittista keskustelua suuressa salissa. Valtuustoaloitteista usein k\u00e4yt\u00e4v\u00e4 laaja keskustelu kertonee siit\u00e4, ettei t\u00e4llaista tilaa keskustelulle juuri nykyisell\u00e4\u00e4n ole.<\/p>\n<!-- AddThis Advanced Settings generic via filter on the_content --><!-- AddThis Share Buttons generic via filter on the_content -->","protected":false},"excerpt":{"rendered":"<p>Parin viime viikkoa on huvennut ty\u00f6kiireisiin ja kokouksiin, ettei ole ehtinyt edes kommentoimaan kaupungin kuulumisia. Tampereen talousn\u00e4kym\u00e4t ja s\u00e4\u00e4st\u00f6keinot ovat l\u00e4hes p\u00e4ivitt\u00e4inen puheenaihe. Otsikot s\u00e4\u00e4st\u00f6kuurien kohdentumisesta koululaisten aterioihin tai pienten lasten koululuokkien sijoitteluun saavat kaupunkilaiset varpailleen, ennen kuin mik\u00e4\u00e4n luottamuselin ehtii ottaa asiaan edes kantaa. Tampereen Aterian johtokunta palautti ateriamaksut uudelleen valmisteluun &#8211; kenties korotukset &hellip; <\/p>\n<p class=\"link-more\"><a href=\"https:\/\/www.ireneroivainen.net\/?p=311\" class=\"more-link\">Jatka lukemista<span class=\"screen-reader-text\"> &#8221;Ajankohtaisasioita&#8221;<\/span><\/a><\/p>\n<p><!-- AddThis Advanced Settings generic via filter on get_the_excerpt --><!-- AddThis Share Buttons generic via filter on get_the_excerpt --><\/p>\n","protected":false},"author":2,"featured_media":0,"comment_status":"open","ping_status":"open","sticky":false,"template":"","format":"standard","meta":{"footnotes":""},"categories":[3,1],"tags":[],"class_list":["post-311","post","type-post","status-publish","format-standard","hentry","category-vkp","category-yleinen"],"_links":{"self":[{"href":"https:\/\/www.ireneroivainen.net\/index.php?rest_route=\/wp\/v2\/posts\/311","targetHints":{"allow":["GET"]}}],"collection":[{"href":"https:\/\/www.ireneroivainen.net\/index.php?rest_route=\/wp\/v2\/posts"}],"about":[{"href":"https:\/\/www.ireneroivainen.net\/index.php?rest_route=\/wp\/v2\/types\/post"}],"author":[{"embeddable":true,"href":"https:\/\/www.ireneroivainen.net\/index.php?rest_route=\/wp\/v2\/users\/2"}],"replies":[{"embeddable":true,"href":"https:\/\/www.ireneroivainen.net\/index.php?rest_route=%2Fwp%2Fv2%2Fcomments&post=311"}],"version-history":[{"count":0,"href":"https:\/\/www.ireneroivainen.net\/index.php?rest_route=\/wp\/v2\/posts\/311\/revisions"}],"wp:attachment":[{"href":"https:\/\/www.ireneroivainen.net\/index.php?rest_route=%2Fwp%2Fv2%2Fmedia&parent=311"}],"wp:term":[{"taxonomy":"category","embeddable":true,"href":"https:\/\/www.ireneroivainen.net\/index.php?rest_route=%2Fwp%2Fv2%2Fcategories&post=311"},{"taxonomy":"post_tag","embeddable":true,"href":"https:\/\/www.ireneroivainen.net\/index.php?rest_route=%2Fwp%2Fv2%2Ftags&post=311"}],"curies":[{"name":"wp","href":"https:\/\/api.w.org\/{rel}","templated":true}]}}