{"id":309,"date":"2009-03-10T20:25:11","date_gmt":"2009-03-10T18:25:11","guid":{"rendered":"http:\/\/woland.servebeer.com\/wordpress\/?p=309"},"modified":"2009-03-10T20:25:11","modified_gmt":"2009-03-10T18:25:11","slug":"viela-tilaajajohtajasta","status":"publish","type":"post","link":"https:\/\/www.ireneroivainen.net\/?p=309","title":{"rendered":"Viel\u00e4 tilaajajohtajasta"},"content":{"rendered":"<p>On se vaan niin mielenkiintoista, ett\u00e4 demareiden ryhm\u00e4njohtaja Salmi syytt\u00e4\u00e4 vihreit\u00e4 tilaajajohtaja Eskoseen kohdistuvasta poliittisesta ajojahdista. Siit\u00e4h\u00e4n ei ole kysymys, vaan tilaajaryhm\u00e4n hallinnon uudistamisesta, joka on ollut tapetilla jo pitk\u00e4\u00e4n. Koko xl on ollut esitysten takana, ja demaritkin ovat olleet neuvottelemassa konsensusratkaisua ryhmien v\u00e4lille. Halua on n\u00e4k\u00f6j\u00e4\u00e4n edelleen luoda s\u00e4r\u00f6\u00e4 vihreiden ja muun XL -koalition v\u00e4lille ja kosiskella kokoomusta vanhaan aseveliakselimalliseen yhteisty\u00f6h\u00f6n, jossa voitaisiin sopia isoista virkapaketeistakin sulle-mulle -periaatteella.<\/p>\n<p>Totta on toki, ett\u00e4 vihre\u00e4t ovat aktiivisesti vieneet tilaajaryhm\u00e4n hallinnon uudistusta eteenp\u00e4in ryhmiss\u00e4. Itse ryhdyin viime viikolla sujan kokouksessa \u00e4\u00e4neen ihmettelem\u00e4\u00e4n tilaajajohtajan nimitysvallan s\u00e4ilytt\u00e4mist\u00e4: h\u00e4n kun nimitt\u00e4\u00e4 tilaajaorganisaatiossa kaikki alaisensa tilaajap\u00e4\u00e4llik\u00f6ist\u00e4 alasp\u00e4in. Haluamme vahvistaa tilaajap\u00e4\u00e4llik\u00f6iden roolia, he kun ovat lautakuntien substanssijohtajia.<\/p>\n<p>Tilaajaryhm\u00e4n hallinnon uudistamisella alkaa olla kiire, sill\u00e4 valtuuston asettama m\u00e4\u00e4r\u00e4aika on kulumassa umpeen maaliskuussa. Ennen seuraavaa valtuustonkokousta on ehditt\u00e4v\u00e4 tehd\u00e4 niin kaupunginhallituksen johtos\u00e4\u00e4nn\u00f6n kuin konsernihallinnon toimintas\u00e4\u00e4nn\u00f6nkin p\u00e4ivitt\u00e4minen. Kiitos jarrumiesten, tiukalle menee, mutta onneksi Koskisen Riitta palaa pian talvilomalta, niin akka-akseli pist\u00e4\u00e4 vauhtia rattaisiin.<\/p>\n<!-- AddThis Advanced Settings generic via filter on the_content --><!-- AddThis Share Buttons generic via filter on the_content -->","protected":false},"excerpt":{"rendered":"<p>On se vaan niin mielenkiintoista, ett\u00e4 demareiden ryhm\u00e4njohtaja Salmi syytt\u00e4\u00e4 vihreit\u00e4 tilaajajohtaja Eskoseen kohdistuvasta poliittisesta ajojahdista. Siit\u00e4h\u00e4n ei ole kysymys, vaan tilaajaryhm\u00e4n hallinnon uudistamisesta, joka on ollut tapetilla jo pitk\u00e4\u00e4n. Koko xl on ollut esitysten takana, ja demaritkin ovat olleet neuvottelemassa konsensusratkaisua ryhmien v\u00e4lille. Halua on n\u00e4k\u00f6j\u00e4\u00e4n edelleen luoda s\u00e4r\u00f6\u00e4 vihreiden ja muun XL -koalition &hellip; <\/p>\n<p class=\"link-more\"><a href=\"https:\/\/www.ireneroivainen.net\/?p=309\" class=\"more-link\">Jatka lukemista<span class=\"screen-reader-text\"> &#8221;Viel\u00e4 tilaajajohtajasta&#8221;<\/span><\/a><\/p>\n<p><!-- AddThis Advanced Settings generic via filter on get_the_excerpt --><!-- AddThis Share Buttons generic via filter on get_the_excerpt --><\/p>\n","protected":false},"author":2,"featured_media":0,"comment_status":"open","ping_status":"open","sticky":false,"template":"","format":"standard","meta":{"footnotes":""},"categories":[3,1],"tags":[],"class_list":["post-309","post","type-post","status-publish","format-standard","hentry","category-vkp","category-yleinen"],"_links":{"self":[{"href":"https:\/\/www.ireneroivainen.net\/index.php?rest_route=\/wp\/v2\/posts\/309","targetHints":{"allow":["GET"]}}],"collection":[{"href":"https:\/\/www.ireneroivainen.net\/index.php?rest_route=\/wp\/v2\/posts"}],"about":[{"href":"https:\/\/www.ireneroivainen.net\/index.php?rest_route=\/wp\/v2\/types\/post"}],"author":[{"embeddable":true,"href":"https:\/\/www.ireneroivainen.net\/index.php?rest_route=\/wp\/v2\/users\/2"}],"replies":[{"embeddable":true,"href":"https:\/\/www.ireneroivainen.net\/index.php?rest_route=%2Fwp%2Fv2%2Fcomments&post=309"}],"version-history":[{"count":0,"href":"https:\/\/www.ireneroivainen.net\/index.php?rest_route=\/wp\/v2\/posts\/309\/revisions"}],"wp:attachment":[{"href":"https:\/\/www.ireneroivainen.net\/index.php?rest_route=%2Fwp%2Fv2%2Fmedia&parent=309"}],"wp:term":[{"taxonomy":"category","embeddable":true,"href":"https:\/\/www.ireneroivainen.net\/index.php?rest_route=%2Fwp%2Fv2%2Fcategories&post=309"},{"taxonomy":"post_tag","embeddable":true,"href":"https:\/\/www.ireneroivainen.net\/index.php?rest_route=%2Fwp%2Fv2%2Ftags&post=309"}],"curies":[{"name":"wp","href":"https:\/\/api.w.org\/{rel}","templated":true}]}}