{"id":307,"date":"2009-03-09T22:04:03","date_gmt":"2009-03-09T20:04:03","guid":{"rendered":"http:\/\/woland.servebeer.com\/wordpress\/?p=307"},"modified":"2009-03-09T22:04:03","modified_gmt":"2009-03-09T20:04:03","slug":"tilaajaryhman-hallinto-muuttumassa","status":"publish","type":"post","link":"https:\/\/www.ireneroivainen.net\/?p=307","title":{"rendered":"Tilaajaryhm\u00e4n hallinto muuttumassa"},"content":{"rendered":"<p>Kaupunginhallituksessa j\u00e4tettiin p\u00f6yd\u00e4lle tilaajaryhm\u00e4n hallinnollisesta mallista &#8211; ja sit\u00e4 kautta tilaajajohtajan tulevasta asemasta &#8211; p\u00e4\u00e4tt\u00e4minen. Kun asiaa esiteltiin viikko sitten kaupunginhallituksen suunnittelujaoston kokouksessa, eniten suosiota sai &#8221;koordinointiin ja kehitt\u00e4miseen keskittyv\u00e4 malli&#8221;. Se on pormestarin esitys kaupunginhallitukselle. Malli t\u00e4ht\u00e4\u00e4 siihen, ett\u00e4 tilaajajohtajan keskeinen teht\u00e4v\u00e4 on vastata prosessien v\u00e4lisest\u00e4 yhteensovittamisesta. Apulaispormestareille ja tilaajap\u00e4\u00e4llik\u00f6ille tulisi nykyist\u00e4 enemm\u00e4n sis\u00e4ll\u00f6llist\u00e4 vastuuta. Asioiden esittely kh:ssa olisi t\u00e4ss\u00e4 mallissa muilla konsernihallinnon ryhm\u00e4n johtajille.<\/p>\n<p>Esitetty malli vastaa suunnittelujaostossa viime kev\u00e4\u00e4n\u00e4 tehtyj\u00e4 linjauksia. Sujan visioissa tilaajajohtajan paikka ei ole ollut konsernijohdossa eik\u00e4 edes sen rinnalla. Nyt t\u00e4m\u00e4 n\u00e4ytt\u00e4isi toteutuvan. Tilaajajohtaja on nykyisell\u00e4\u00e4n konsernijohtajien rinnalla yksi &#8221;big boss&#8221; esittelyoikeuksineen ja alaisineen. Kuitenkin toimintamallia rakennettaessa tarkoituksena oli kehitt\u00e4\u00e4 kevyt tilaajaorganisaatio, mutta sit\u00e4 vastoin vahva apulaispormestarij\u00e4rjestelm\u00e4. My\u00f6s \u00e4skett\u00e4in toteutetun selvityksen mukaan apulaispormestareiden ja tilaajap\u00e4\u00e4llik\u00f6iden valtaa olisi lis\u00e4tt\u00e4v\u00e4. Henkil\u00f6kohtaisesti olen sit\u00e4 mielt\u00e4, ett\u00e4 apulaispormestareilla pit\u00e4isi olla esittelyvalta, kuten toimintamallin 2007 luonnoksissa todetaan; jos se vaatii kuntalain muuttamista, kaupungin olisi sit\u00e4 esitett\u00e4v\u00e4.<\/p>\n<p>Asia j\u00e4i t\u00e4n\u00e4\u00e4n p\u00f6yd\u00e4lle kh:ssa, vaikka ryhmien kesken n\u00e4ytt\u00e4\u00e4 vallitsevan konsensus. Tarvitaan viel\u00e4 t\u00e4smennyksi\u00e4 pormestarin esitykseen. Oma kysymyksens\u00e4 on tilaajajohtaja Eskosen asema hallinnollisen mallin remontissa. Hallintoa ei pit\u00e4isi koskaan r\u00e4\u00e4t\u00e4l\u00f6id\u00e4 yksitt\u00e4isille ihmisille; n\u00e4in on kuitenkin tehty tilaajajohtajan kohdalla. Johtaja Eskonen on tarmokas mies; Lasse-set\u00e4 l\u00f6yt\u00e4\u00e4 kyll\u00e4 paikkansa kevennetyss\u00e4kin organisaatiossa.<\/p>\n<!-- AddThis Advanced Settings generic via filter on the_content --><!-- AddThis Share Buttons generic via filter on the_content -->","protected":false},"excerpt":{"rendered":"<p>Kaupunginhallituksessa j\u00e4tettiin p\u00f6yd\u00e4lle tilaajaryhm\u00e4n hallinnollisesta mallista &#8211; ja sit\u00e4 kautta tilaajajohtajan tulevasta asemasta &#8211; p\u00e4\u00e4tt\u00e4minen. Kun asiaa esiteltiin viikko sitten kaupunginhallituksen suunnittelujaoston kokouksessa, eniten suosiota sai &#8221;koordinointiin ja kehitt\u00e4miseen keskittyv\u00e4 malli&#8221;. Se on pormestarin esitys kaupunginhallitukselle. Malli t\u00e4ht\u00e4\u00e4 siihen, ett\u00e4 tilaajajohtajan keskeinen teht\u00e4v\u00e4 on vastata prosessien v\u00e4lisest\u00e4 yhteensovittamisesta. Apulaispormestareille ja tilaajap\u00e4\u00e4llik\u00f6ille tulisi nykyist\u00e4 enemm\u00e4n sis\u00e4ll\u00f6llist\u00e4 &hellip; <\/p>\n<p class=\"link-more\"><a href=\"https:\/\/www.ireneroivainen.net\/?p=307\" class=\"more-link\">Jatka lukemista<span class=\"screen-reader-text\"> &#8221;Tilaajaryhm\u00e4n hallinto muuttumassa&#8221;<\/span><\/a><\/p>\n<p><!-- AddThis Advanced Settings generic via filter on get_the_excerpt --><!-- AddThis Share Buttons generic via filter on get_the_excerpt --><\/p>\n","protected":false},"author":2,"featured_media":0,"comment_status":"open","ping_status":"open","sticky":false,"template":"","format":"standard","meta":{"footnotes":""},"categories":[3,1],"tags":[],"class_list":["post-307","post","type-post","status-publish","format-standard","hentry","category-vkp","category-yleinen"],"_links":{"self":[{"href":"https:\/\/www.ireneroivainen.net\/index.php?rest_route=\/wp\/v2\/posts\/307","targetHints":{"allow":["GET"]}}],"collection":[{"href":"https:\/\/www.ireneroivainen.net\/index.php?rest_route=\/wp\/v2\/posts"}],"about":[{"href":"https:\/\/www.ireneroivainen.net\/index.php?rest_route=\/wp\/v2\/types\/post"}],"author":[{"embeddable":true,"href":"https:\/\/www.ireneroivainen.net\/index.php?rest_route=\/wp\/v2\/users\/2"}],"replies":[{"embeddable":true,"href":"https:\/\/www.ireneroivainen.net\/index.php?rest_route=%2Fwp%2Fv2%2Fcomments&post=307"}],"version-history":[{"count":0,"href":"https:\/\/www.ireneroivainen.net\/index.php?rest_route=\/wp\/v2\/posts\/307\/revisions"}],"wp:attachment":[{"href":"https:\/\/www.ireneroivainen.net\/index.php?rest_route=%2Fwp%2Fv2%2Fmedia&parent=307"}],"wp:term":[{"taxonomy":"category","embeddable":true,"href":"https:\/\/www.ireneroivainen.net\/index.php?rest_route=%2Fwp%2Fv2%2Fcategories&post=307"},{"taxonomy":"post_tag","embeddable":true,"href":"https:\/\/www.ireneroivainen.net\/index.php?rest_route=%2Fwp%2Fv2%2Ftags&post=307"}],"curies":[{"name":"wp","href":"https:\/\/api.w.org\/{rel}","templated":true}]}}